[{"@context":"https:\/\/schema.org\/","@type":"Article","@id":"https:\/\/www.wamba.cz\/ovocna-i-se-smetanou\/#Article","mainEntityOfPage":"https:\/\/www.wamba.cz\/ovocna-i-se-smetanou\/","headline":"Ovocn\u00e1 i se smetanou!","name":"Ovocn\u00e1 i se smetanou!","description":"Mra\u017een\u00fd kr\u00e9m se prod\u00e1v\u00e1 v mnoha nejr\u016fzn\u011bj\u0161\u00edch p\u0159\u00edchut\u00edch. Ka\u017ed\u00e1 zmrzlina m\u00e1 trochu jin\u00fd pod\u00edl jednotliv\u00fdch slo\u017eek, jsou rozd\u011blen\u00e9 p\u0159esn\u011b tak, aby vyhovovaly po\u017eadavk\u016fm jednotliv\u00fdch str\u00e1vn\u00edk\u016f. Jsou toti\u017e lid\u00e9, kte\u0159\u00ed za nic na sv\u011bt\u011b nedaj\u00ed dopustit na ml\u00e9\u010dnou nebo smetanovou slo\u017eku a s t\u00edmto na pam\u011bti si vyb\u00edraj\u00ed i p\u0159\u00edchu\u0165 \u2013 nadchne je kup\u0159\u00edkladu vanilka, \u010dokol\u00e1da&hellip; ","datePublished":"2025-02-27","dateModified":"2025-02-27","author":{"@type":"Person","@id":"https:\/\/www.wamba.cz\/author\/#Person","name":"wamba.cz\n","url":"https:\/\/www.wamba.cz\/author\/","identifier":1,"image":{"@type":"ImageObject","@id":"https:\/\/secure.gravatar.com\/avatar\/f08fec9e5d161146672022190172bcb121f980bd7a64f251ea643f4b19d0f071?s=96&d=mm&r=g","url":"https:\/\/secure.gravatar.com\/avatar\/f08fec9e5d161146672022190172bcb121f980bd7a64f251ea643f4b19d0f071?s=96&d=mm&r=g","height":96,"width":96}},"publisher":{"@type":"Organization","name":"wamba.cz","logo":{"@type":"ImageObject","@id":"\/logo.png","url":"\/logo.png","width":600,"height":60}},"url":"https:\/\/www.wamba.cz\/ovocna-i-se-smetanou\/","wordCount":185,"articleBody":"Mra\u017een\u00fd kr\u00e9m se prod\u00e1v\u00e1 v mnoha nejr\u016fzn\u011bj\u0161\u00edch p\u0159\u00edchut\u00edch. Ka\u017ed\u00e1 zmrzlina m\u00e1 trochu jin\u00fd pod\u00edl jednotliv\u00fdch slo\u017eek, jsou rozd\u011blen\u00e9 p\u0159esn\u011b tak, aby vyhovovaly po\u017eadavk\u016fm jednotliv\u00fdch str\u00e1vn\u00edk\u016f. Jsou toti\u017e lid\u00e9, kte\u0159\u00ed za nic na sv\u011bt\u011b nedaj\u00ed dopustit na ml\u00e9\u010dnou nebo smetanovou slo\u017eku a s t\u00edmto na pam\u011bti si vyb\u00edraj\u00ed i p\u0159\u00edchu\u0165 \u2013 nadchne je kup\u0159\u00edkladu vanilka, \u010dokol\u00e1da nebo karamel. Ti zb\u00fdvaj\u00edc\u00ed si rad\u011bji vyberou ovocnou pochoutku, kde je hlavn\u00ed slo\u017ekou voda a pot\u00e9 ovocn\u00e1 pasta. Tito si vyberou kup\u0159\u00edkladu jahodu, malinu nebo ban\u00e1n. Do kornoutu i ve vani\u010dce Mra\u017een\u00fd kr\u00e9m se v sou\u010dasn\u00e9 dob\u011b prod\u00e1v\u00e1 prakticky v\u0161ude. Nen\u00ed nic snaz\u0161\u00edho, ne\u017e si zaj\u00edt do obchodu a tam si koupit celou vani\u010dku kr\u00e9mu a odn\u00e9st si jej dom\u016f. Pokud pat\u0159\u00edte mezi tyto labu\u017en\u00edky, nev\u00e1hejte a objednejte si na\u0161i kvalitn\u00ed pochoutku vyrobenou z t\u011bch nejlep\u0161\u00edch surovin!                                                                                                                                                                                                                                                                                                                                                                                        5\/5 - (1 vote)        "},{"@context":"https:\/\/schema.org\/","@type":"BreadcrumbList","itemListElement":[{"@type":"ListItem","position":1,"name":"Ovocn\u00e1 i se smetanou!","item":"https:\/\/www.wamba.cz\/ovocna-i-se-smetanou\/#breadcrumbitem"}]}]